{"id":9558,"date":"2026-04-28T12:46:08","date_gmt":"2026-04-28T15:46:08","guid":{"rendered":"https:\/\/rosadosventos.art.br\/?p=9558"},"modified":"2026-04-28T12:49:18","modified_gmt":"2026-04-28T15:49:18","slug":"saltimbembe-mabembancos-20-anos-de-estrada","status":"publish","type":"post","link":"https:\/\/rosadosventos.art.br\/?p=9558","title":{"rendered":"Saltimbembe mabembancos, 20 anos de estrada!"},"content":{"rendered":"\t\t<div data-elementor-type=\"wp-post\" data-elementor-id=\"9558\" class=\"elementor elementor-9558\">\n\t\t\t\t\t\t<section class=\"elementor-section elementor-top-section elementor-element elementor-element-1d78cce elementor-section-boxed elementor-section-height-default elementor-section-height-default\" data-id=\"1d78cce\" data-element_type=\"section\" data-e-type=\"section\">\n\t\t\t\t\t\t<div class=\"elementor-container elementor-column-gap-default\">\n\t\t\t\t\t<div class=\"elementor-column elementor-col-100 elementor-top-column elementor-element elementor-element-2cc1e08\" data-id=\"2cc1e08\" data-element_type=\"column\" data-e-type=\"column\">\n\t\t\t<div class=\"elementor-widget-wrap elementor-element-populated\">\n\t\t\t\t\t\t<div class=\"elementor-element elementor-element-8c48c3d elementor-widget elementor-widget-text-editor\" data-id=\"8c48c3d\" data-element_type=\"widget\" data-e-type=\"widget\" data-widget_type=\"text-editor.default\">\n\t\t\t\t<div class=\"elementor-widget-container\">\n\t\t\t\t\t\t\t\t\t<h1>ESPET\u00c1CULO SALTIMBEMBE MAMBEMBANCOS &#8211; 20 ANOS DE ESTRADA!<\/h1>\n<p><!-- \/wp:paragraph --><\/p>\t\t\t\t\t\t\t\t<\/div>\n\t\t\t\t<\/div>\n\t\t\t\t<div class=\"elementor-element elementor-element-b7218a4 elementor-widget elementor-widget-text-editor\" data-id=\"b7218a4\" data-element_type=\"widget\" data-e-type=\"widget\" data-widget_type=\"text-editor.default\">\n\t\t\t\t<div class=\"elementor-widget-container\">\n\t\t\t\t\t\t\t\t\t<p>O Espet\u00e1culo reestreou em 2025 para comemorar 20 anos de estrada e est\u00e1 caminhando para a aporesenta\u00e7\u00e3o de n\u00famero 500! \u00c9 um trabalho que representa a linguagem do Rosa dos Ventos e volta celebrando duas d\u00e9cadas de muita for\u00e7a e boas risadas.<\/p>\t\t\t\t\t\t\t\t<\/div>\n\t\t\t\t<\/div>\n\t\t\t\t\t<\/div>\n\t\t<\/div>\n\t\t\t\t\t<\/div>\n\t\t<\/section>\n\t\t\t\t<section class=\"elementor-section elementor-top-section elementor-element elementor-element-c490c93 elementor-section-boxed elementor-section-height-default elementor-section-height-default\" data-id=\"c490c93\" data-element_type=\"section\" data-e-type=\"section\">\n\t\t\t\t\t\t<div class=\"elementor-container elementor-column-gap-default\">\n\t\t\t\t\t<div class=\"elementor-column elementor-col-50 elementor-top-column elementor-element elementor-element-ad3e9bb\" data-id=\"ad3e9bb\" data-element_type=\"column\" data-e-type=\"column\">\n\t\t\t<div class=\"elementor-widget-wrap elementor-element-populated\">\n\t\t\t\t\t\t<div class=\"elementor-element elementor-element-b113c08 elementor-widget elementor-widget-text-editor\" data-id=\"b113c08\" data-element_type=\"widget\" data-e-type=\"widget\" data-widget_type=\"text-editor.default\">\n\t\t\t\t<div class=\"elementor-widget-container\">\n\t\t\t\t\t\t\t\t\t<p>Saltimbembe Mambembancos \u00e9 uma festa popular em que os palha\u00e7os se apresentam como artistas saltimbancos, formando uma roda na pra\u00e7a para exibir suas habilidades, m\u00fasicas e divertir as pessoas.<\/p>\n<p>O espet\u00e1culo \u00e9 um encontro para rir de si e das personagens, \u00e9 arte de rua! As t\u00e9cnicas de malabarismo, acrobacias de solo e perna de pau s\u00e3o mostradas sem formalidades e acompanhadas por m\u00fasica ao vivo.<\/p>\n<p>Saltimbembe Mambembancos \u00e9 um espet\u00e1culo brincante que representa a ess\u00eancia da linguagem desenvolvida pelo Rosa dos Ventos, com interpreta\u00e7\u00e3o livre de artistas c\u00f4micos populares e verborr\u00e1gicos, improvisadores por op\u00e7\u00e3o, influenciados pelo teatro, circo, palha\u00e7o de circos pequenos e principalmente pelos artistas de rua, puladores de arco da faca, vendedores de pomadas milagrosas, telepatas e repentistas que viajam de cidade em cidade vivendo de sua arte.<\/p>\t\t\t\t\t\t\t\t<\/div>\n\t\t\t\t<\/div>\n\t\t\t\t\t<\/div>\n\t\t<\/div>\n\t\t\t\t<div class=\"elementor-column elementor-col-50 elementor-top-column elementor-element elementor-element-63f2741\" data-id=\"63f2741\" data-element_type=\"column\" data-e-type=\"column\">\n\t\t\t<div class=\"elementor-widget-wrap elementor-element-populated\">\n\t\t\t\t\t\t<div class=\"elementor-element elementor-element-b464178 elementor-widget elementor-widget-image\" data-id=\"b464178\" data-element_type=\"widget\" data-e-type=\"widget\" data-widget_type=\"image.default\">\n\t\t\t\t<div class=\"elementor-widget-container\">\n\t\t\t\t\t\t\t\t\t\t\t\t\t\t\t<img fetchpriority=\"high\" decoding=\"async\" width=\"1024\" height=\"683\" src=\"https:\/\/rosadosventos.art.br\/wp-content\/uploads\/2021\/02\/IMG_7767-1024x683.jpg\" class=\"attachment-large size-large wp-image-9542\" alt=\"\" srcset=\"https:\/\/rosadosventos.art.br\/wp-content\/uploads\/2021\/02\/IMG_7767-1024x683.jpg 1024w, https:\/\/rosadosventos.art.br\/wp-content\/uploads\/2021\/02\/IMG_7767-300x200.jpg 300w, https:\/\/rosadosventos.art.br\/wp-content\/uploads\/2021\/02\/IMG_7767-768x512.jpg 768w, https:\/\/rosadosventos.art.br\/wp-content\/uploads\/2021\/02\/IMG_7767-200x133.jpg 200w, https:\/\/rosadosventos.art.br\/wp-content\/uploads\/2021\/02\/IMG_7767-450x300.jpg 450w, https:\/\/rosadosventos.art.br\/wp-content\/uploads\/2021\/02\/IMG_7767-600x400.jpg 600w, https:\/\/rosadosventos.art.br\/wp-content\/uploads\/2021\/02\/IMG_7767-800x533.jpg 800w, https:\/\/rosadosventos.art.br\/wp-content\/uploads\/2021\/02\/IMG_7767-1100x733.jpg 1100w, https:\/\/rosadosventos.art.br\/wp-content\/uploads\/2021\/02\/IMG_7767-1536x1024.jpg 1536w, https:\/\/rosadosventos.art.br\/wp-content\/uploads\/2021\/02\/IMG_7767.jpg 2048w\" sizes=\"(max-width: 1024px) 100vw, 1024px\" \/>\t\t\t\t\t\t\t\t\t\t\t\t\t\t\t<\/div>\n\t\t\t\t<\/div>\n\t\t\t\t<div class=\"elementor-element elementor-element-830b4fd elementor-widget elementor-widget-heading\" data-id=\"830b4fd\" data-element_type=\"widget\" data-e-type=\"widget\" data-widget_type=\"heading.default\">\n\t\t\t\t<div class=\"elementor-widget-container\">\n\t\t\t\t\t<h6 class=\"elementor-heading-title elementor-size-default\">Foto de GG-one Bergamo @ggonebergamo<\/h6>\t\t\t\t<\/div>\n\t\t\t\t<\/div>\n\t\t\t\t\t<\/div>\n\t\t<\/div>\n\t\t\t\t\t<\/div>\n\t\t<\/section>\n\t\t\t\t<section class=\"elementor-section elementor-top-section elementor-element elementor-element-ca0a9ea elementor-section-boxed elementor-section-height-default elementor-section-height-default\" data-id=\"ca0a9ea\" data-element_type=\"section\" data-e-type=\"section\">\n\t\t\t\t\t\t<div class=\"elementor-container elementor-column-gap-default\">\n\t\t\t\t\t<div class=\"elementor-column elementor-col-50 elementor-top-column elementor-element elementor-element-1d92903\" data-id=\"1d92903\" data-element_type=\"column\" data-e-type=\"column\">\n\t\t\t<div class=\"elementor-widget-wrap elementor-element-populated\">\n\t\t\t\t\t\t<div class=\"elementor-element elementor-element-4dc60e2 elementor-widget elementor-widget-image\" data-id=\"4dc60e2\" data-element_type=\"widget\" data-e-type=\"widget\" data-widget_type=\"image.default\">\n\t\t\t\t<div class=\"elementor-widget-container\">\n\t\t\t\t\t\t\t\t\t\t\t\t\t\t\t\t<a href=\"https:\/\/rosadosventos.art.br\/wp-content\/uploads\/2025\/02\/apres_projeto_circo_na_praca_2025_corrigido.pdf\">\n\t\t\t\t\t\t\t<img decoding=\"async\" width=\"1024\" height=\"683\" src=\"https:\/\/rosadosventos.art.br\/wp-content\/uploads\/2021\/02\/IMG_7829-1024x683.jpg\" class=\"attachment-large size-large wp-image-9544\" alt=\"\" srcset=\"https:\/\/rosadosventos.art.br\/wp-content\/uploads\/2021\/02\/IMG_7829-1024x683.jpg 1024w, https:\/\/rosadosventos.art.br\/wp-content\/uploads\/2021\/02\/IMG_7829-300x200.jpg 300w, https:\/\/rosadosventos.art.br\/wp-content\/uploads\/2021\/02\/IMG_7829-768x512.jpg 768w, https:\/\/rosadosventos.art.br\/wp-content\/uploads\/2021\/02\/IMG_7829-200x133.jpg 200w, https:\/\/rosadosventos.art.br\/wp-content\/uploads\/2021\/02\/IMG_7829-450x300.jpg 450w, https:\/\/rosadosventos.art.br\/wp-content\/uploads\/2021\/02\/IMG_7829-600x400.jpg 600w, https:\/\/rosadosventos.art.br\/wp-content\/uploads\/2021\/02\/IMG_7829-800x533.jpg 800w, https:\/\/rosadosventos.art.br\/wp-content\/uploads\/2021\/02\/IMG_7829-1100x733.jpg 1100w, https:\/\/rosadosventos.art.br\/wp-content\/uploads\/2021\/02\/IMG_7829-1536x1024.jpg 1536w, https:\/\/rosadosventos.art.br\/wp-content\/uploads\/2021\/02\/IMG_7829.jpg 2048w\" sizes=\"(max-width: 1024px) 100vw, 1024px\" \/>\t\t\t\t\t\t\t\t<\/a>\n\t\t\t\t\t\t\t\t\t\t\t\t\t\t\t<\/div>\n\t\t\t\t<\/div>\n\t\t\t\t<div class=\"elementor-element elementor-element-f784316 elementor-widget elementor-widget-heading\" data-id=\"f784316\" data-element_type=\"widget\" data-e-type=\"widget\" data-widget_type=\"heading.default\">\n\t\t\t\t<div class=\"elementor-widget-container\">\n\t\t\t\t\t<h6 class=\"elementor-heading-title elementor-size-default\">Foto de GG-one Bergamo @ggonebergamo<\/h6>\t\t\t\t<\/div>\n\t\t\t\t<\/div>\n\t\t\t\t\t<\/div>\n\t\t<\/div>\n\t\t\t\t<div class=\"elementor-column elementor-col-50 elementor-top-column elementor-element elementor-element-9a4f75c\" data-id=\"9a4f75c\" data-element_type=\"column\" data-e-type=\"column\">\n\t\t\t<div class=\"elementor-widget-wrap elementor-element-populated\">\n\t\t\t\t\t\t<div class=\"elementor-element elementor-element-4138251 elementor-widget elementor-widget-text-editor\" data-id=\"4138251\" data-element_type=\"widget\" data-e-type=\"widget\" data-widget_type=\"text-editor.default\">\n\t\t\t\t<div class=\"elementor-widget-container\">\n\t\t\t\t\t\t\t\t\t<p><strong>O Rosa dos Ventos<\/strong> \u00e9 um grupo de artistas populares c\u00f4micos de rua! Neste trabalho o grupo busca a fus\u00e3o do teatro, da m\u00fasica, das t\u00e9cnicas\u00a0circenses, do palha\u00e7o, dos tipos c\u00f4micos em uma arte popular vibrante e provocadora.<\/p>\n<p>O improviso \u00e9 busca permanente e pilar central no espet\u00e1culo. Sua\u00a0utiliza\u00e7\u00e3o tem influ\u00eancia da com\u00e9dia dell&#8217;arte, por existir roteiro e\u00a0personagens definidos, mas que permitem aos atores improvisarem e se\u00a0relacionarem diretamente com o p\u00fablico. Assemelha-se ao improviso de repentistas de rua que buscam no p\u00fablico motivos ris\u00edveis para serem colocados em cena de forma natural e brincante.<\/p>\n<p>Os artistas populares de rua s\u00e3o as refer\u00eancias na cria\u00e7\u00e3o dos personagens palha\u00e7os, que se apresentam grotescos, distante de serem docilizados, provocadores de situa\u00e7\u00f5es no p\u00fablico que representam verdadeiras festas. S\u00e3o como basti\u00f5es e at\u00e9 mesmo buf\u00f5es na forma de se relacionarem com o p\u00fablico. O resultado \u00e9 o charrivari somado ao universo do circo.<\/p>\t\t\t\t\t\t\t\t<\/div>\n\t\t\t\t<\/div>\n\t\t\t\t\t<\/div>\n\t\t<\/div>\n\t\t\t\t\t<\/div>\n\t\t<\/section>\n\t\t\t\t<section class=\"elementor-section elementor-top-section elementor-element elementor-element-c6b4dd4 elementor-section-boxed elementor-section-height-default elementor-section-height-default\" data-id=\"c6b4dd4\" data-element_type=\"section\" data-e-type=\"section\">\n\t\t\t\t\t\t<div class=\"elementor-container elementor-column-gap-default\">\n\t\t\t\t\t<div class=\"elementor-column elementor-col-100 elementor-top-column elementor-element elementor-element-212780d\" data-id=\"212780d\" data-element_type=\"column\" data-e-type=\"column\">\n\t\t\t<div class=\"elementor-widget-wrap elementor-element-populated\">\n\t\t\t\t\t\t<div class=\"elementor-element elementor-element-4886a73 elementor-widget__width-initial elementor-widget elementor-widget-text-editor\" data-id=\"4886a73\" data-element_type=\"widget\" data-e-type=\"widget\" data-widget_type=\"text-editor.default\">\n\t\t\t\t<div class=\"elementor-widget-container\">\n\t\t\t\t\t\t\t\t\t<p>Entre muitos Festivia, em sua traget\u00f3ria, o Saltimbembe j\u00e1 passou pelo<strong> IV Festival Rio S\u00e3o Paulo de Teatro de Rua de Parati<\/strong> (2005), 16\u00b0 <strong>Floripa Teatro \u2013 Festival de Teatro Isnard Azevedo<\/strong> (2009), <strong>4\u00ba Encuentro de circo y circo-teatro CIRCO EN ESCENA<\/strong> em C\u00f3rdoba no (2010), <strong>Festival de Inverno de Garanhuns \u2013 PE<\/strong> (2012), <strong>7\u00b0 Festival Palco Girat\u00f3rio em Porto Alegre \u2013 RS<\/strong> (2012), <strong>Circuito SESC de Artes<\/strong> (2013), <strong>7\u00aa Mostra Lino Rojas de Teatro de Rua \u2013 S\u00e3o Paulo SP<\/strong> (2014), <strong>8\u00ba FIT \u2013 BA \u2013 Festival Nacional Ipitanga de Teatro Lauro de Freitas BA<\/strong> (2014), <strong>Festival Z\u00ea Bolofl\u00f4 de Teatro de Rua em Cuiab\u00e1 \u2013 MT<\/strong> (2015), <strong>Festival Matias de Teatro de Rua \u2013 Rio Branco \u2013 AC, Bujari \u2013 AC e Quinari \u2013 AC<\/strong> (2015), <strong>Inverno Cultural de S\u00e3o Jo\u00e3o Del Rey<\/strong> (2015), <strong>Filo \u2013 Festival Internacional de Teatro de Londrina<\/strong>\u00a0(2015),\u00a0 <strong>Festival Internacional de Circo do Cear\u00e1<\/strong> em (2016), <strong>Festival Am\u00e9rica do Sul<\/strong> &#8211; <strong>Corumb\u00e1 e Lad\u00e1rio \u2013 MS<\/strong> (2018),<strong> IX Pantalha\u00e7os em Campo Grande \u2013 MS<\/strong> (2025),\u00a0<strong>Festival Nacional de Jales \u2013 SP<\/strong> (2025),\u00a0<strong>Festival Nacional de Circo de Toledo \u2013 PR<\/strong> (2025),\u00a0<strong>10\u00b0 Festival Curta Teatro de Macap\u00e1 \u2013 AP<\/strong> (2025),\u00a0<strong>16\u00b0 Festival de Circo de Campo Mour\u00e3o \u2013 PR <\/strong>(2025)<\/p>\t\t\t\t\t\t\t\t<\/div>\n\t\t\t\t<\/div>\n\t\t\t\t\t<\/div>\n\t\t<\/div>\n\t\t\t\t\t<\/div>\n\t\t<\/section>\n\t\t\t\t<section class=\"elementor-section elementor-top-section elementor-element elementor-element-742d53d elementor-section-boxed elementor-section-height-default elementor-section-height-default\" data-id=\"742d53d\" data-element_type=\"section\" data-e-type=\"section\">\n\t\t\t\t\t\t<div class=\"elementor-container elementor-column-gap-default\">\n\t\t\t\t\t<div class=\"elementor-column elementor-col-50 elementor-top-column elementor-element elementor-element-66caec9\" data-id=\"66caec9\" data-element_type=\"column\" data-e-type=\"column\">\n\t\t\t<div class=\"elementor-widget-wrap elementor-element-populated\">\n\t\t\t\t\t\t<div class=\"elementor-element elementor-element-22496ff elementor-widget__width-initial elementor-widget elementor-widget-text-editor\" data-id=\"22496ff\" data-element_type=\"widget\" data-e-type=\"widget\" data-widget_type=\"text-editor.default\">\n\t\t\t\t<div class=\"elementor-widget-container\">\n\t\t\t\t\t\t\t\t\t<p><strong>Ficha T\u00e9cnica<\/strong><\/p>\n<p><strong>Elenco:<\/strong> Fernando \u00c1vila (Dez pras Sete)<br \/>Luis Valente (Seu Lavanco)<br \/>Tiago Munhoz (Custip\u00edl de Pinoti)<br \/>Z\u00e9 Barbosa (Zeroberto)<\/p>\n<p><strong>Texto:<\/strong> Grupo Rosa dos Ventos<br \/><strong>Dire\u00e7\u00e3o:<\/strong> Grupo Rosa dos Ventos<br \/><strong>Cria\u00e7\u00e3o Musical:<\/strong> Robson Toma<br \/><strong>Linguagem:<\/strong> Circo, Teatro de Rua e m\u00fasica.<br \/><strong>Estreia:<\/strong> maio de 2005<br \/><strong>Cen\u00e1rio:<\/strong> Deva Bhakta e Grupo Rosa dos Ventos<br \/><strong>Dura\u00e7\u00e3o:<\/strong> 60 minutos<\/p>\t\t\t\t\t\t\t\t<\/div>\n\t\t\t\t<\/div>\n\t\t\t\t\t<\/div>\n\t\t<\/div>\n\t\t\t\t<div class=\"elementor-column elementor-col-50 elementor-top-column elementor-element elementor-element-d9b39d7\" data-id=\"d9b39d7\" data-element_type=\"column\" data-e-type=\"column\">\n\t\t\t<div class=\"elementor-widget-wrap elementor-element-populated\">\n\t\t\t\t\t\t<div class=\"elementor-element elementor-element-d68a014 elementor-widget elementor-widget-video\" data-id=\"d68a014\" data-element_type=\"widget\" data-e-type=\"widget\" data-settings=\"{&quot;youtube_url&quot;:&quot;https:\\\/\\\/www.youtube.com\\\/watch?v=pBsp3NVIQO0&quot;,&quot;video_type&quot;:&quot;youtube&quot;,&quot;controls&quot;:&quot;yes&quot;}\" data-widget_type=\"video.default\">\n\t\t\t\t<div class=\"elementor-widget-container\">\n\t\t\t\t\t\t\t<div class=\"elementor-wrapper elementor-open-inline\">\n\t\t\t<div class=\"elementor-video\"><\/div>\t\t<\/div>\n\t\t\t\t\t\t<\/div>\n\t\t\t\t<\/div>\n\t\t\t\t<div class=\"elementor-element elementor-element-01f8340 elementor-widget elementor-widget-heading\" data-id=\"01f8340\" data-element_type=\"widget\" data-e-type=\"widget\" data-widget_type=\"heading.default\">\n\t\t\t\t<div class=\"elementor-widget-container\">\n\t\t\t\t\t<h6 class=\"elementor-heading-title elementor-size-default\">Teaser do espet\u00e1culo Saltimbembe Mambembancos<\/h6>\t\t\t\t<\/div>\n\t\t\t\t<\/div>\n\t\t\t\t\t<\/div>\n\t\t<\/div>\n\t\t\t\t\t<\/div>\n\t\t<\/section>\n\t\t\t\t<section class=\"elementor-section elementor-top-section elementor-element elementor-element-6aecd6a elementor-section-boxed elementor-section-height-default elementor-section-height-default\" data-id=\"6aecd6a\" data-element_type=\"section\" data-e-type=\"section\">\n\t\t\t\t\t\t<div class=\"elementor-container elementor-column-gap-default\">\n\t\t\t\t\t<div class=\"elementor-column elementor-col-100 elementor-top-column elementor-element elementor-element-d3e181f\" data-id=\"d3e181f\" data-element_type=\"column\" data-e-type=\"column\">\n\t\t\t<div class=\"elementor-widget-wrap elementor-element-populated\">\n\t\t\t\t\t\t<div class=\"elementor-element elementor-element-5989cd8 elementor-widget elementor-widget-text-editor\" data-id=\"5989cd8\" data-element_type=\"widget\" data-e-type=\"widget\" data-widget_type=\"text-editor.default\">\n\t\t\t\t<div class=\"elementor-widget-container\">\n\t\t\t\t\t\t\t\t\t<p><b>Quer saber mais sobre o Saltimbembe?<br \/><\/b>(18) 99742-5994<br \/>circoteatrorosadosventos@yahoo.com.br<br \/><strong style=\"font-size: 20px; letter-spacing: 0.9px;\">Para mais informa\u00e7\u00f5es:<\/strong><a href=\"https:\/\/rosadosventos.art.br\/\"><span style=\"font-size: 20px; letter-spacing: 0.9px;\"> www.rosadosventos.art.br<\/span><\/a><\/p>\t\t\t\t\t\t\t\t<\/div>\n\t\t\t\t<\/div>\n\t\t\t\t<div class=\"elementor-element elementor-element-1030485 elementor-widget elementor-widget-image\" data-id=\"1030485\" data-element_type=\"widget\" data-e-type=\"widget\" data-widget_type=\"image.default\">\n\t\t\t\t<div class=\"elementor-widget-container\">\n\t\t\t\t\t\t\t\t\t\t\t\t\t\t\t<img decoding=\"async\" width=\"1024\" height=\"683\" src=\"https:\/\/rosadosventos.art.br\/wp-content\/uploads\/2021\/02\/IMG_7240-1024x683.jpg\" class=\"attachment-large size-large wp-image-9539\" alt=\"\" srcset=\"https:\/\/rosadosventos.art.br\/wp-content\/uploads\/2021\/02\/IMG_7240-1024x683.jpg 1024w, https:\/\/rosadosventos.art.br\/wp-content\/uploads\/2021\/02\/IMG_7240-300x200.jpg 300w, https:\/\/rosadosventos.art.br\/wp-content\/uploads\/2021\/02\/IMG_7240-768x512.jpg 768w, https:\/\/rosadosventos.art.br\/wp-content\/uploads\/2021\/02\/IMG_7240-200x133.jpg 200w, https:\/\/rosadosventos.art.br\/wp-content\/uploads\/2021\/02\/IMG_7240-450x300.jpg 450w, https:\/\/rosadosventos.art.br\/wp-content\/uploads\/2021\/02\/IMG_7240-600x400.jpg 600w, https:\/\/rosadosventos.art.br\/wp-content\/uploads\/2021\/02\/IMG_7240-800x533.jpg 800w, https:\/\/rosadosventos.art.br\/wp-content\/uploads\/2021\/02\/IMG_7240-1100x733.jpg 1100w, https:\/\/rosadosventos.art.br\/wp-content\/uploads\/2021\/02\/IMG_7240-1536x1024.jpg 1536w, https:\/\/rosadosventos.art.br\/wp-content\/uploads\/2021\/02\/IMG_7240.jpg 2048w\" sizes=\"(max-width: 1024px) 100vw, 1024px\" \/>\t\t\t\t\t\t\t\t\t\t\t\t\t\t\t<\/div>\n\t\t\t\t<\/div>\n\t\t\t\t<div class=\"elementor-element elementor-element-786c80e elementor-widget elementor-widget-heading\" data-id=\"786c80e\" data-element_type=\"widget\" data-e-type=\"widget\" data-widget_type=\"heading.default\">\n\t\t\t\t<div class=\"elementor-widget-container\">\n\t\t\t\t\t<h6 class=\"elementor-heading-title elementor-size-default\">Foto de Fer Click @fer.clicki<\/h6>\t\t\t\t<\/div>\n\t\t\t\t<\/div>\n\t\t\t\t\t<\/div>\n\t\t<\/div>\n\t\t\t\t\t<\/div>\n\t\t<\/section>\n\t\t\t\t<\/div>\n\t\t","protected":false},"excerpt":{"rendered":"<p>ESPET\u00c1CULO SALTIMBEMBE MAMBEMBANCOS &#8211; 20 ANOS DE ESTRADA! O Espet\u00e1culo reestreou em 2025 para comemorar 20 anos de estrada e est\u00e1 caminhando para a aporesenta\u00e7\u00e3o de n\u00famero 500! \u00c9 um trabalho que representa a linguagem do Rosa dos Ventos e volta celebrando duas d\u00e9cadas de muita for\u00e7a e boas risadas. Saltimbembe Mambembancos \u00e9 uma festa [&hellip;]<\/p>\n","protected":false},"author":1,"featured_media":9540,"comment_status":"open","ping_status":"open","sticky":false,"template":"","format":"standard","meta":{"_eb_attr":"","ocean_post_layout":"","ocean_both_sidebars_style":"","ocean_both_sidebars_content_width":0,"ocean_both_sidebars_sidebars_width":0,"ocean_sidebar":"0","ocean_second_sidebar":"0","ocean_disable_margins":"enable","ocean_add_body_class":"","ocean_shortcode_before_top_bar":"","ocean_shortcode_after_top_bar":"","ocean_shortcode_before_header":"","ocean_shortcode_after_header":"","ocean_has_shortcode":"","ocean_shortcode_after_title":"","ocean_shortcode_before_footer_widgets":"","ocean_shortcode_after_footer_widgets":"","ocean_shortcode_before_footer_bottom":"","ocean_shortcode_after_footer_bottom":"","ocean_display_top_bar":"default","ocean_display_header":"default","ocean_header_style":"","ocean_center_header_left_menu":"0","ocean_custom_header_template":"0","ocean_custom_logo":0,"ocean_custom_retina_logo":0,"ocean_custom_logo_max_width":0,"ocean_custom_logo_tablet_max_width":0,"ocean_custom_logo_mobile_max_width":0,"ocean_custom_logo_max_height":0,"ocean_custom_logo_tablet_max_height":0,"ocean_custom_logo_mobile_max_height":0,"ocean_header_custom_menu":"0","ocean_menu_typo_font_family":"0","ocean_menu_typo_font_subset":"","ocean_menu_typo_font_size":0,"ocean_menu_typo_font_size_tablet":0,"ocean_menu_typo_font_size_mobile":0,"ocean_menu_typo_font_size_unit":"px","ocean_menu_typo_font_weight":"","ocean_menu_typo_font_weight_tablet":"","ocean_menu_typo_font_weight_mobile":"","ocean_menu_typo_transform":"","ocean_menu_typo_transform_tablet":"","ocean_menu_typo_transform_mobile":"","ocean_menu_typo_line_height":0,"ocean_menu_typo_line_height_tablet":0,"ocean_menu_typo_line_height_mobile":0,"ocean_menu_typo_line_height_unit":"","ocean_menu_typo_spacing":0,"ocean_menu_typo_spacing_tablet":0,"ocean_menu_typo_spacing_mobile":0,"ocean_menu_typo_spacing_unit":"","ocean_menu_link_color":"","ocean_menu_link_color_hover":"","ocean_menu_link_color_active":"","ocean_menu_link_background":"","ocean_menu_link_hover_background":"","ocean_menu_link_active_background":"","ocean_menu_social_links_bg":"","ocean_menu_social_hover_links_bg":"","ocean_menu_social_links_color":"","ocean_menu_social_hover_links_color":"","ocean_disable_title":"default","ocean_disable_heading":"default","ocean_post_title":"","ocean_post_subheading":"","ocean_post_title_style":"","ocean_post_title_background_color":"","ocean_post_title_background":0,"ocean_post_title_bg_image_position":"","ocean_post_title_bg_image_attachment":"","ocean_post_title_bg_image_repeat":"","ocean_post_title_bg_image_size":"","ocean_post_title_height":0,"ocean_post_title_bg_overlay":0.5,"ocean_post_title_bg_overlay_color":"","ocean_disable_breadcrumbs":"default","ocean_breadcrumbs_color":"","ocean_breadcrumbs_separator_color":"","ocean_breadcrumbs_links_color":"","ocean_breadcrumbs_links_hover_color":"","ocean_display_footer_widgets":"default","ocean_display_footer_bottom":"default","ocean_custom_footer_template":"0","_jetpack_memberships_contains_paid_content":false,"ocean_post_oembed":"","ocean_post_self_hosted_media":"","ocean_post_video_embed":"","ocean_link_format":"","ocean_link_format_target":"self","ocean_quote_format":"","ocean_quote_format_link":"post","ocean_gallery_link_images":"off","ocean_gallery_id":[],"footnotes":""},"categories":[24],"tags":[39,34,46,35,47],"class_list":["post-9558","post","type-post","status-publish","format-standard","has-post-thumbnail","hentry","category-noticias","tag-arte","tag-arte-de-rua","tag-atuacao","tag-circo","tag-saltimbembe","entry","has-media"],"yoast_head":"<!-- This site is optimized with the Yoast SEO plugin v27.4 - https:\/\/yoast.com\/product\/yoast-seo-wordpress\/ -->\n<title>Saltimbembe mabembancos, 20 anos de estrada! - Rosa dos Ventos<\/title>\n<meta name=\"robots\" content=\"index, follow, max-snippet:-1, max-image-preview:large, max-video-preview:-1\" \/>\n<link rel=\"canonical\" href=\"https:\/\/rosadosventos.art.br\/?p=9558\" \/>\n<meta property=\"og:locale\" content=\"pt_BR\" \/>\n<meta property=\"og:type\" content=\"article\" \/>\n<meta property=\"og:title\" content=\"Saltimbembe mabembancos, 20 anos de estrada! - Rosa dos Ventos\" \/>\n<meta property=\"og:description\" content=\"ESPET\u00c1CULO SALTIMBEMBE MAMBEMBANCOS &#8211; 20 ANOS DE ESTRADA! O Espet\u00e1culo reestreou em 2025 para comemorar 20 anos de estrada e est\u00e1 caminhando para a aporesenta\u00e7\u00e3o de n\u00famero 500! \u00c9 um trabalho que representa a linguagem do Rosa dos Ventos e volta celebrando duas d\u00e9cadas de muita for\u00e7a e boas risadas. Saltimbembe Mambembancos \u00e9 uma festa [&hellip;]\" \/>\n<meta property=\"og:url\" content=\"https:\/\/rosadosventos.art.br\/?p=9558\" \/>\n<meta property=\"og:site_name\" content=\"Rosa dos Ventos\" \/>\n<meta property=\"article:publisher\" content=\"https:\/\/www.facebook.com\/gruporosadosventos\" \/>\n<meta property=\"article:published_time\" content=\"2026-04-28T15:46:08+00:00\" \/>\n<meta property=\"article:modified_time\" content=\"2026-04-28T15:49:18+00:00\" \/>\n<meta property=\"og:image\" content=\"https:\/\/rosadosventos.art.br\/wp-content\/uploads\/2021\/02\/IMG_7274.jpg\" \/>\n\t<meta property=\"og:image:width\" content=\"2048\" \/>\n\t<meta property=\"og:image:height\" content=\"1365\" \/>\n\t<meta property=\"og:image:type\" content=\"image\/jpeg\" \/>\n<meta name=\"author\" content=\"rosadosventos\" \/>\n<meta name=\"twitter:card\" content=\"summary_large_image\" \/>\n<meta name=\"twitter:label1\" content=\"Escrito por\" \/>\n\t<meta name=\"twitter:data1\" content=\"rosadosventos\" \/>\n\t<meta name=\"twitter:label2\" content=\"Est. tempo de leitura\" \/>\n\t<meta name=\"twitter:data2\" content=\"4 minutos\" \/>\n<script type=\"application\/ld+json\" class=\"yoast-schema-graph\">{\"@context\":\"https:\\\/\\\/schema.org\",\"@graph\":[{\"@type\":\"Article\",\"@id\":\"https:\\\/\\\/rosadosventos.art.br\\\/?p=9558#article\",\"isPartOf\":{\"@id\":\"https:\\\/\\\/rosadosventos.art.br\\\/?p=9558\"},\"author\":{\"name\":\"rosadosventos\",\"@id\":\"https:\\\/\\\/rosadosventos.art.br\\\/#\\\/schema\\\/person\\\/8c69988ca527065f0911e6fde3b28829\"},\"headline\":\"Saltimbembe mabembancos, 20 anos de estrada!\",\"datePublished\":\"2026-04-28T15:46:08+00:00\",\"dateModified\":\"2026-04-28T15:49:18+00:00\",\"mainEntityOfPage\":{\"@id\":\"https:\\\/\\\/rosadosventos.art.br\\\/?p=9558\"},\"wordCount\":654,\"commentCount\":0,\"publisher\":{\"@id\":\"https:\\\/\\\/rosadosventos.art.br\\\/#organization\"},\"image\":{\"@id\":\"https:\\\/\\\/rosadosventos.art.br\\\/?p=9558#primaryimage\"},\"thumbnailUrl\":\"https:\\\/\\\/rosadosventos.art.br\\\/wp-content\\\/uploads\\\/2021\\\/02\\\/IMG_7274.jpg\",\"keywords\":[\"Arte\",\"arte de rua\",\"ATUA\u00c7\u00c3O\",\"Circo\",\"saltimbembe\"],\"articleSection\":[\"noticias\"],\"inLanguage\":\"pt-BR\",\"potentialAction\":[{\"@type\":\"CommentAction\",\"name\":\"Comment\",\"target\":[\"https:\\\/\\\/rosadosventos.art.br\\\/?p=9558#respond\"]}]},{\"@type\":\"WebPage\",\"@id\":\"https:\\\/\\\/rosadosventos.art.br\\\/?p=9558\",\"url\":\"https:\\\/\\\/rosadosventos.art.br\\\/?p=9558\",\"name\":\"Saltimbembe mabembancos, 20 anos de estrada! - Rosa dos Ventos\",\"isPartOf\":{\"@id\":\"https:\\\/\\\/rosadosventos.art.br\\\/#website\"},\"primaryImageOfPage\":{\"@id\":\"https:\\\/\\\/rosadosventos.art.br\\\/?p=9558#primaryimage\"},\"image\":{\"@id\":\"https:\\\/\\\/rosadosventos.art.br\\\/?p=9558#primaryimage\"},\"thumbnailUrl\":\"https:\\\/\\\/rosadosventos.art.br\\\/wp-content\\\/uploads\\\/2021\\\/02\\\/IMG_7274.jpg\",\"datePublished\":\"2026-04-28T15:46:08+00:00\",\"dateModified\":\"2026-04-28T15:49:18+00:00\",\"breadcrumb\":{\"@id\":\"https:\\\/\\\/rosadosventos.art.br\\\/?p=9558#breadcrumb\"},\"inLanguage\":\"pt-BR\",\"potentialAction\":[{\"@type\":\"ReadAction\",\"target\":[\"https:\\\/\\\/rosadosventos.art.br\\\/?p=9558\"]}]},{\"@type\":\"ImageObject\",\"inLanguage\":\"pt-BR\",\"@id\":\"https:\\\/\\\/rosadosventos.art.br\\\/?p=9558#primaryimage\",\"url\":\"https:\\\/\\\/rosadosventos.art.br\\\/wp-content\\\/uploads\\\/2021\\\/02\\\/IMG_7274.jpg\",\"contentUrl\":\"https:\\\/\\\/rosadosventos.art.br\\\/wp-content\\\/uploads\\\/2021\\\/02\\\/IMG_7274.jpg\",\"width\":2048,\"height\":1365},{\"@type\":\"BreadcrumbList\",\"@id\":\"https:\\\/\\\/rosadosventos.art.br\\\/?p=9558#breadcrumb\",\"itemListElement\":[{\"@type\":\"ListItem\",\"position\":1,\"name\":\"In\u00edcio\",\"item\":\"https:\\\/\\\/rosadosventos.art.br\\\/\"},{\"@type\":\"ListItem\",\"position\":2,\"name\":\"Saltimbembe mabembancos, 20 anos de estrada!\"}]},{\"@type\":\"WebSite\",\"@id\":\"https:\\\/\\\/rosadosventos.art.br\\\/#website\",\"url\":\"https:\\\/\\\/rosadosventos.art.br\\\/\",\"name\":\"Rosa dos Ventos\",\"description\":\"Grupo de Circo e Teatro de Rua\",\"publisher\":{\"@id\":\"https:\\\/\\\/rosadosventos.art.br\\\/#organization\"},\"potentialAction\":[{\"@type\":\"SearchAction\",\"target\":{\"@type\":\"EntryPoint\",\"urlTemplate\":\"https:\\\/\\\/rosadosventos.art.br\\\/?s={search_term_string}\"},\"query-input\":{\"@type\":\"PropertyValueSpecification\",\"valueRequired\":true,\"valueName\":\"search_term_string\"}}],\"inLanguage\":\"pt-BR\"},{\"@type\":\"Organization\",\"@id\":\"https:\\\/\\\/rosadosventos.art.br\\\/#organization\",\"name\":\"Rosa dos Ventos\",\"url\":\"https:\\\/\\\/rosadosventos.art.br\\\/\",\"logo\":{\"@type\":\"ImageObject\",\"inLanguage\":\"pt-BR\",\"@id\":\"https:\\\/\\\/rosadosventos.art.br\\\/#\\\/schema\\\/logo\\\/image\\\/\",\"url\":\"https:\\\/\\\/rosadosventos.art.br\\\/wp-content\\\/uploads\\\/2021\\\/02\\\/rosa-dos-ventos-circo.png\",\"contentUrl\":\"https:\\\/\\\/rosadosventos.art.br\\\/wp-content\\\/uploads\\\/2021\\\/02\\\/rosa-dos-ventos-circo.png\",\"width\":2256,\"height\":2290,\"caption\":\"Rosa dos Ventos\"},\"image\":{\"@id\":\"https:\\\/\\\/rosadosventos.art.br\\\/#\\\/schema\\\/logo\\\/image\\\/\"},\"sameAs\":[\"https:\\\/\\\/www.facebook.com\\\/gruporosadosventos\"]},{\"@type\":\"Person\",\"@id\":\"https:\\\/\\\/rosadosventos.art.br\\\/#\\\/schema\\\/person\\\/8c69988ca527065f0911e6fde3b28829\",\"name\":\"rosadosventos\",\"image\":{\"@type\":\"ImageObject\",\"inLanguage\":\"pt-BR\",\"@id\":\"https:\\\/\\\/secure.gravatar.com\\\/avatar\\\/3981a3c813af3a9f5fbc7ef292f70d2f96c0f2f642d0300f12faad1bea88b2d0?s=96&d=mm&r=g\",\"url\":\"https:\\\/\\\/secure.gravatar.com\\\/avatar\\\/3981a3c813af3a9f5fbc7ef292f70d2f96c0f2f642d0300f12faad1bea88b2d0?s=96&d=mm&r=g\",\"contentUrl\":\"https:\\\/\\\/secure.gravatar.com\\\/avatar\\\/3981a3c813af3a9f5fbc7ef292f70d2f96c0f2f642d0300f12faad1bea88b2d0?s=96&d=mm&r=g\",\"caption\":\"rosadosventos\"},\"sameAs\":[\"http:\\\/\\\/rosadosventos.art.br\"],\"url\":\"https:\\\/\\\/rosadosventos.art.br\\\/?author=1\"}]}<\/script>\n<!-- \/ Yoast SEO plugin. -->","yoast_head_json":{"title":"Saltimbembe mabembancos, 20 anos de estrada! - Rosa dos Ventos","robots":{"index":"index","follow":"follow","max-snippet":"max-snippet:-1","max-image-preview":"max-image-preview:large","max-video-preview":"max-video-preview:-1"},"canonical":"https:\/\/rosadosventos.art.br\/?p=9558","og_locale":"pt_BR","og_type":"article","og_title":"Saltimbembe mabembancos, 20 anos de estrada! - Rosa dos Ventos","og_description":"ESPET\u00c1CULO SALTIMBEMBE MAMBEMBANCOS &#8211; 20 ANOS DE ESTRADA! O Espet\u00e1culo reestreou em 2025 para comemorar 20 anos de estrada e est\u00e1 caminhando para a aporesenta\u00e7\u00e3o de n\u00famero 500! \u00c9 um trabalho que representa a linguagem do Rosa dos Ventos e volta celebrando duas d\u00e9cadas de muita for\u00e7a e boas risadas. Saltimbembe Mambembancos \u00e9 uma festa [&hellip;]","og_url":"https:\/\/rosadosventos.art.br\/?p=9558","og_site_name":"Rosa dos Ventos","article_publisher":"https:\/\/www.facebook.com\/gruporosadosventos","article_published_time":"2026-04-28T15:46:08+00:00","article_modified_time":"2026-04-28T15:49:18+00:00","og_image":[{"width":2048,"height":1365,"url":"https:\/\/rosadosventos.art.br\/wp-content\/uploads\/2021\/02\/IMG_7274.jpg","type":"image\/jpeg"}],"author":"rosadosventos","twitter_card":"summary_large_image","twitter_misc":{"Escrito por":"rosadosventos","Est. tempo de leitura":"4 minutos"},"schema":{"@context":"https:\/\/schema.org","@graph":[{"@type":"Article","@id":"https:\/\/rosadosventos.art.br\/?p=9558#article","isPartOf":{"@id":"https:\/\/rosadosventos.art.br\/?p=9558"},"author":{"name":"rosadosventos","@id":"https:\/\/rosadosventos.art.br\/#\/schema\/person\/8c69988ca527065f0911e6fde3b28829"},"headline":"Saltimbembe mabembancos, 20 anos de estrada!","datePublished":"2026-04-28T15:46:08+00:00","dateModified":"2026-04-28T15:49:18+00:00","mainEntityOfPage":{"@id":"https:\/\/rosadosventos.art.br\/?p=9558"},"wordCount":654,"commentCount":0,"publisher":{"@id":"https:\/\/rosadosventos.art.br\/#organization"},"image":{"@id":"https:\/\/rosadosventos.art.br\/?p=9558#primaryimage"},"thumbnailUrl":"https:\/\/rosadosventos.art.br\/wp-content\/uploads\/2021\/02\/IMG_7274.jpg","keywords":["Arte","arte de rua","ATUA\u00c7\u00c3O","Circo","saltimbembe"],"articleSection":["noticias"],"inLanguage":"pt-BR","potentialAction":[{"@type":"CommentAction","name":"Comment","target":["https:\/\/rosadosventos.art.br\/?p=9558#respond"]}]},{"@type":"WebPage","@id":"https:\/\/rosadosventos.art.br\/?p=9558","url":"https:\/\/rosadosventos.art.br\/?p=9558","name":"Saltimbembe mabembancos, 20 anos de estrada! - Rosa dos Ventos","isPartOf":{"@id":"https:\/\/rosadosventos.art.br\/#website"},"primaryImageOfPage":{"@id":"https:\/\/rosadosventos.art.br\/?p=9558#primaryimage"},"image":{"@id":"https:\/\/rosadosventos.art.br\/?p=9558#primaryimage"},"thumbnailUrl":"https:\/\/rosadosventos.art.br\/wp-content\/uploads\/2021\/02\/IMG_7274.jpg","datePublished":"2026-04-28T15:46:08+00:00","dateModified":"2026-04-28T15:49:18+00:00","breadcrumb":{"@id":"https:\/\/rosadosventos.art.br\/?p=9558#breadcrumb"},"inLanguage":"pt-BR","potentialAction":[{"@type":"ReadAction","target":["https:\/\/rosadosventos.art.br\/?p=9558"]}]},{"@type":"ImageObject","inLanguage":"pt-BR","@id":"https:\/\/rosadosventos.art.br\/?p=9558#primaryimage","url":"https:\/\/rosadosventos.art.br\/wp-content\/uploads\/2021\/02\/IMG_7274.jpg","contentUrl":"https:\/\/rosadosventos.art.br\/wp-content\/uploads\/2021\/02\/IMG_7274.jpg","width":2048,"height":1365},{"@type":"BreadcrumbList","@id":"https:\/\/rosadosventos.art.br\/?p=9558#breadcrumb","itemListElement":[{"@type":"ListItem","position":1,"name":"In\u00edcio","item":"https:\/\/rosadosventos.art.br\/"},{"@type":"ListItem","position":2,"name":"Saltimbembe mabembancos, 20 anos de estrada!"}]},{"@type":"WebSite","@id":"https:\/\/rosadosventos.art.br\/#website","url":"https:\/\/rosadosventos.art.br\/","name":"Rosa dos Ventos","description":"Grupo de Circo e Teatro de Rua","publisher":{"@id":"https:\/\/rosadosventos.art.br\/#organization"},"potentialAction":[{"@type":"SearchAction","target":{"@type":"EntryPoint","urlTemplate":"https:\/\/rosadosventos.art.br\/?s={search_term_string}"},"query-input":{"@type":"PropertyValueSpecification","valueRequired":true,"valueName":"search_term_string"}}],"inLanguage":"pt-BR"},{"@type":"Organization","@id":"https:\/\/rosadosventos.art.br\/#organization","name":"Rosa dos Ventos","url":"https:\/\/rosadosventos.art.br\/","logo":{"@type":"ImageObject","inLanguage":"pt-BR","@id":"https:\/\/rosadosventos.art.br\/#\/schema\/logo\/image\/","url":"https:\/\/rosadosventos.art.br\/wp-content\/uploads\/2021\/02\/rosa-dos-ventos-circo.png","contentUrl":"https:\/\/rosadosventos.art.br\/wp-content\/uploads\/2021\/02\/rosa-dos-ventos-circo.png","width":2256,"height":2290,"caption":"Rosa dos Ventos"},"image":{"@id":"https:\/\/rosadosventos.art.br\/#\/schema\/logo\/image\/"},"sameAs":["https:\/\/www.facebook.com\/gruporosadosventos"]},{"@type":"Person","@id":"https:\/\/rosadosventos.art.br\/#\/schema\/person\/8c69988ca527065f0911e6fde3b28829","name":"rosadosventos","image":{"@type":"ImageObject","inLanguage":"pt-BR","@id":"https:\/\/secure.gravatar.com\/avatar\/3981a3c813af3a9f5fbc7ef292f70d2f96c0f2f642d0300f12faad1bea88b2d0?s=96&d=mm&r=g","url":"https:\/\/secure.gravatar.com\/avatar\/3981a3c813af3a9f5fbc7ef292f70d2f96c0f2f642d0300f12faad1bea88b2d0?s=96&d=mm&r=g","contentUrl":"https:\/\/secure.gravatar.com\/avatar\/3981a3c813af3a9f5fbc7ef292f70d2f96c0f2f642d0300f12faad1bea88b2d0?s=96&d=mm&r=g","caption":"rosadosventos"},"sameAs":["http:\/\/rosadosventos.art.br"],"url":"https:\/\/rosadosventos.art.br\/?author=1"}]}},"jetpack_featured_media_url":"https:\/\/rosadosventos.art.br\/wp-content\/uploads\/2021\/02\/IMG_7274.jpg","jetpack_sharing_enabled":true,"_links":{"self":[{"href":"https:\/\/rosadosventos.art.br\/index.php?rest_route=\/wp\/v2\/posts\/9558","targetHints":{"allow":["GET"]}}],"collection":[{"href":"https:\/\/rosadosventos.art.br\/index.php?rest_route=\/wp\/v2\/posts"}],"about":[{"href":"https:\/\/rosadosventos.art.br\/index.php?rest_route=\/wp\/v2\/types\/post"}],"author":[{"embeddable":true,"href":"https:\/\/rosadosventos.art.br\/index.php?rest_route=\/wp\/v2\/users\/1"}],"replies":[{"embeddable":true,"href":"https:\/\/rosadosventos.art.br\/index.php?rest_route=%2Fwp%2Fv2%2Fcomments&post=9558"}],"version-history":[{"count":7,"href":"https:\/\/rosadosventos.art.br\/index.php?rest_route=\/wp\/v2\/posts\/9558\/revisions"}],"predecessor-version":[{"id":9565,"href":"https:\/\/rosadosventos.art.br\/index.php?rest_route=\/wp\/v2\/posts\/9558\/revisions\/9565"}],"wp:featuredmedia":[{"embeddable":true,"href":"https:\/\/rosadosventos.art.br\/index.php?rest_route=\/wp\/v2\/media\/9540"}],"wp:attachment":[{"href":"https:\/\/rosadosventos.art.br\/index.php?rest_route=%2Fwp%2Fv2%2Fmedia&parent=9558"}],"wp:term":[{"taxonomy":"category","embeddable":true,"href":"https:\/\/rosadosventos.art.br\/index.php?rest_route=%2Fwp%2Fv2%2Fcategories&post=9558"},{"taxonomy":"post_tag","embeddable":true,"href":"https:\/\/rosadosventos.art.br\/index.php?rest_route=%2Fwp%2Fv2%2Ftags&post=9558"}],"curies":[{"name":"wp","href":"https:\/\/api.w.org\/{rel}","templated":true}]}}